{"id":334,"date":"2023-03-22T21:49:20","date_gmt":"2023-03-22T21:49:20","guid":{"rendered":"https:\/\/imkerei-klingel.de\/?p=334"},"modified":"2023-10-26T07:37:33","modified_gmt":"2023-10-26T07:37:33","slug":"schmitz-huebsch","status":"publish","type":"post","link":"https:\/\/imkerei-klingel.de\/index.php\/2023\/03\/22\/schmitz-huebsch\/","title":{"rendered":"Schmitz-H\u00fcbsch"},"content":{"rendered":"\n<p>Seit diesem Monat steht unser Honig nun auch im Regal vom Obst und Gem\u00fcse Laden von  Schmitz-H\u00fcbsch.<br><\/p>\n\n\n\n<figure class=\"wp-block-image size-large\"><img decoding=\"async\" src=\"https:\/\/imkerei-klingel.de\/wp-content\/uploads\/2023\/03\/SchmitzHuebsch-Werbeauto-1024x768.jpg\" alt=\"\" class=\"wp-image-336\"\/><\/figure>\n\n\n\n<p><strong>Obst + Gem\u00fcse Schmitz-H\u00fcbsch<\/strong><br>Bonn-Br\u00fchler-Str. 14, 53332 Bornheim \u2013 Merten<br><a rel=\"noreferrer noopener\" href=\"https:\/\/www.schmitzhuebsch.de\/\" target=\"_blank\">www.schmitzhuebsch.de<\/a><\/p>\n","protected":false},"excerpt":{"rendered":"<p>Seit diesem Monat steht unser Honig nun auch im Regal vom Obst und Gem\u00fcse Laden von Schmitz-H\u00fcbsch. Obst + Gem\u00fcse Schmitz-H\u00fcbschBonn-Br\u00fchler-Str. 14, 53332 Bornheim \u2013 Mertenwww.schmitzhuebsch.de<\/p>\n","protected":false},"author":1,"featured_media":577,"comment_status":"open","ping_status":"open","sticky":false,"template":"","format":"standard","meta":{"footnotes":""},"categories":[2,29],"tags":[19],"class_list":["post-334","post","type-post","status-publish","format-standard","has-post-thumbnail","hentry","category-allgemein","category-verkaufsstellen","tag-verkauf"],"_links":{"self":[{"href":"https:\/\/imkerei-klingel.de\/index.php\/wp-json\/wp\/v2\/posts\/334","targetHints":{"allow":["GET"]}}],"collection":[{"href":"https:\/\/imkerei-klingel.de\/index.php\/wp-json\/wp\/v2\/posts"}],"about":[{"href":"https:\/\/imkerei-klingel.de\/index.php\/wp-json\/wp\/v2\/types\/post"}],"author":[{"embeddable":true,"href":"https:\/\/imkerei-klingel.de\/index.php\/wp-json\/wp\/v2\/users\/1"}],"replies":[{"embeddable":true,"href":"https:\/\/imkerei-klingel.de\/index.php\/wp-json\/wp\/v2\/comments?post=334"}],"version-history":[{"count":1,"href":"https:\/\/imkerei-klingel.de\/index.php\/wp-json\/wp\/v2\/posts\/334\/revisions"}],"predecessor-version":[{"id":578,"href":"https:\/\/imkerei-klingel.de\/index.php\/wp-json\/wp\/v2\/posts\/334\/revisions\/578"}],"wp:featuredmedia":[{"embeddable":true,"href":"https:\/\/imkerei-klingel.de\/index.php\/wp-json\/wp\/v2\/media\/577"}],"wp:attachment":[{"href":"https:\/\/imkerei-klingel.de\/index.php\/wp-json\/wp\/v2\/media?parent=334"}],"wp:term":[{"taxonomy":"category","embeddable":true,"href":"https:\/\/imkerei-klingel.de\/index.php\/wp-json\/wp\/v2\/categories?post=334"},{"taxonomy":"post_tag","embeddable":true,"href":"https:\/\/imkerei-klingel.de\/index.php\/wp-json\/wp\/v2\/tags?post=334"}],"curies":[{"name":"wp","href":"https:\/\/api.w.org\/{rel}","templated":true}]}}