{"id":281,"date":"2022-10-16T18:15:00","date_gmt":"2022-10-16T18:15:00","guid":{"rendered":"https:\/\/imkerei-klingel.de\/?p=281"},"modified":"2023-10-26T07:37:39","modified_gmt":"2023-10-26T07:37:39","slug":"maerkte-2022","status":"publish","type":"post","link":"https:\/\/imkerei-klingel.de\/index.php\/2022\/10\/16\/maerkte-2022\/","title":{"rendered":"M\u00e4rkte 2022"},"content":{"rendered":"\n<p>Dieses Jahr sind wir in der Vorweihnachtszeit auf einigen M\u00e4rkten unterwegs.<br \/>Hier der \u00dcberblick.  Weitere Informationen zu den einzelnen M\u00e4rkten finden Sie auf unsere >><a href=\"https:\/\/imkerei-klingel.de\/index.php\/produkte\/verkaufstellen\/maerkte\/\" data-type=\"page\" data-id=\"285\">M\u00e4rkte Seite<\/a>&lt;&lt;<\/p>\n\n\n\n<figure class=\"wp-block-image size-large\"><img decoding=\"async\" src=\"https:\/\/imkerei-klingel.de\/wp-content\/uploads\/2022\/10\/Unsere-Maerkte-2022-724x1024.jpg\" alt=\"\" class=\"wp-image-282\"\/><\/figure>\n","protected":false},"excerpt":{"rendered":"<p>Dieses Jahr sind wir in der Vorweihnachtszeit auf einigen M\u00e4rkten unterwegs.Hier der \u00dcberblick. Weitere Informationen zu den einzelnen M\u00e4rkten finden Sie auf unsere >>M\u00e4rkte Seite&lt;&lt;<\/p>\n","protected":false},"author":1,"featured_media":0,"comment_status":"open","ping_status":"open","sticky":false,"template":"","format":"standard","meta":{"footnotes":""},"categories":[2,29],"tags":[4,18,19],"class_list":["post-281","post","type-post","status-publish","format-standard","hentry","category-allgemein","category-verkaufsstellen","tag-advent","tag-veranstaltungen","tag-verkauf"],"_links":{"self":[{"href":"https:\/\/imkerei-klingel.de\/index.php\/wp-json\/wp\/v2\/posts\/281","targetHints":{"allow":["GET"]}}],"collection":[{"href":"https:\/\/imkerei-klingel.de\/index.php\/wp-json\/wp\/v2\/posts"}],"about":[{"href":"https:\/\/imkerei-klingel.de\/index.php\/wp-json\/wp\/v2\/types\/post"}],"author":[{"embeddable":true,"href":"https:\/\/imkerei-klingel.de\/index.php\/wp-json\/wp\/v2\/users\/1"}],"replies":[{"embeddable":true,"href":"https:\/\/imkerei-klingel.de\/index.php\/wp-json\/wp\/v2\/comments?post=281"}],"version-history":[{"count":1,"href":"https:\/\/imkerei-klingel.de\/index.php\/wp-json\/wp\/v2\/posts\/281\/revisions"}],"predecessor-version":[{"id":617,"href":"https:\/\/imkerei-klingel.de\/index.php\/wp-json\/wp\/v2\/posts\/281\/revisions\/617"}],"wp:attachment":[{"href":"https:\/\/imkerei-klingel.de\/index.php\/wp-json\/wp\/v2\/media?parent=281"}],"wp:term":[{"taxonomy":"category","embeddable":true,"href":"https:\/\/imkerei-klingel.de\/index.php\/wp-json\/wp\/v2\/categories?post=281"},{"taxonomy":"post_tag","embeddable":true,"href":"https:\/\/imkerei-klingel.de\/index.php\/wp-json\/wp\/v2\/tags?post=281"}],"curies":[{"name":"wp","href":"https:\/\/api.w.org\/{rel}","templated":true}]}}