{"id":259,"date":"2022-07-25T21:39:00","date_gmt":"2022-07-25T21:39:00","guid":{"rendered":"https:\/\/imkerei-klingel.de\/?p=259"},"modified":"2023-10-26T07:37:44","modified_gmt":"2023-10-26T07:37:44","slug":"zeitungsbericht","status":"publish","type":"post","link":"https:\/\/imkerei-klingel.de\/index.php\/2022\/07\/25\/zeitungsbericht\/","title":{"rendered":"Zeitungsbericht"},"content":{"rendered":"\n<p>Im Generalanzeiger ist ein Bericht mit unserer Imkerei erschienen.<\/p>\n\n\n\n<p><a href=\"https:\/\/ga.de\/bonn\/hardtberg\/der-honig-kommt-vom-messdorfer-feld_aid-73405405\">https:\/\/ga.de\/bonn\/hardtberg\/der-honig-kommt-vom-messdorfer-feld_aid-73405405<\/a><\/p>\n\n\n\n<p><br \/><br \/><mark style=\"background-color:rgba(0, 0, 0, 0)\" class=\"has-inline-color has-luminous-vivid-orange-color\">Endenicher Gr\u00fcndergeist : Der Honig kommt vom Me\u00dfdorfer Feld<\/mark><br \/><em>Endenich<\/em>. <strong>Am Me\u00dfdorfer Feld haben sich Jonas Klingel und Paula Markwitz mit ihren Bienenv\u00f6lkern selbstst\u00e4ndig gemacht und stellen fachgerecht Honig her.<\/strong><br \/><br \/>Von Stefan Knopp<br \/>Ein gutes Honigjahr war 2021 nicht, sagt Jung-Imker Jonas Klingel. Es war zu nass, da blieben die Bienen in ihren St\u00f6cken, und es gab zu wenig Sonnentage, die die Blumen auch ben\u00f6tigen, um Nektar zu entwickeln.<\/p>\n\n\n\n<p>F\u00fcr Klingel und seine Freundin Paula Markwitz war das aber gar nicht mal schlecht: Ein Ertrag wie in diesem Jahr h\u00e4tte sie im letzten \u00fcberfordert. Die beiden bauen sich gerade ein Standbein als Selbstst\u00e4ndige mit ihrer Imkerei Klingel am Rande des Me\u00dfdorfer Feldes auf, und im vergangenen Jahr war Vieles noch in der Entstehung.<\/p>\n\n\n\n<p>Daf\u00fcr erhoffen sie sich jetzt eine gute Honigernte. Die Bienen tragen flei\u00dfig Nektar in die St\u00f6cke, die aber auch noch nicht ganz entwickelt sind \u2013 da ist noch Potenzial f\u00fcr mehr Bienen und mehr Honig. \u201eDurchschnittlich kann man 30 bis 40 Kilogramm pro Volk im Jahr ernten\u201c, sagt er. Sie sind noch nicht so weit, von der Imkerei alleine leben zu k\u00f6nnen. Aber da wollen sie hin.<\/p>\n\n\n\n<figure class=\"wp-block-image size-large is-resized\"><img loading=\"lazy\" decoding=\"async\" src=\"https:\/\/ga.de\/imgs\/93\/1\/3\/7\/4\/8\/5\/4\/2\/5\/tok_330a03760e7bf97edd43468bea8811fb\/w1632_h2464_x816_y1232_Imkerei_Klingel_2__1_-d7a29c82392ed06b.jpg\" alt=\"\" width=\"146\" height=\"220\"\/><figcaption><em>Foto: Stefan Knopp<\/em><\/figcaption><\/figure>\n\n\n\n<h2 class=\"wp-block-heading\">In Bonn die Imkerei gelernt<\/h2>\n\n\n\n<p>Klingel und Markwitz haben beide Tierwirt mit Fachrichtung Imkerei studiert, er in Bonn, sie in Celle, und dar\u00fcber haben sie sich kennengelernt. Jetzt studieren sie noch weiter im Bereich Agrarwissenschaften. Klingel hat eine praktische Ausbildung in der Imkerei von Miljen Bobic am Jakobsweg absolviert. Jetzt hat er eine Fl\u00e4che gleich nebenan gepachtet sowie einen Garten in der N\u00e4he, in dem er am Sonntag f\u00fcr die B\u00fcrgerinitiative zur Erhaltung des Me\u00dfdorfer Feldes Besucher an das Handwerk Imkerei heranf\u00fchrte.<br \/><\/p>\n\n\n\n<h2 class=\"wp-block-heading\">Honig made in Duisdorf<\/h2>\n\n\n\n<p>Hergestellt wird der Honig in Duisdorf unter den entsprechend hygienischen Umst\u00e4nden. Daneben haben die jungen Imker Bienenst\u00f6cke an zehn festen Standorten in Bonn und dem linksrheinischen Rhein-Sieg-Kreis sowie in Grafschaft. Daneben wandern sie mit einigen V\u00f6lkern zu bestimmten Fl\u00e4chen, damit ihre Bienen etwa Rapsfelder best\u00e4uben k\u00f6nnen. In diesem Jahr waren sie versuchsweise in der Pfalz zur Bl\u00fcte der Edelkastanien und im Schwarzwald f\u00fcr die Waldtracht der Fichten und Wei\u00dftannen \u2013 man wolle ja die Produktpalette erweitern. Als Tracht wird alles bezeichnet, was die Bienen in den Stock tragen und zu Honig weiterverarbeiten.<\/p>\n\n\n\n<p>Am Me\u00dfdorfer Feld ist das ein buntes Gemisch aus Nektar von den Bl\u00fchstreifen und aus den umliegenden G\u00e4rten, aber geschmacklich sticht die Lindenbl\u00fcte hervor. Klingel arbeitet mit den Landwirten zusammen, auf denen seine Bienen unterwegs sind. Daneben z\u00fcchtet Klingel K\u00f6niginnen, die er verkauft. Dazu muss man wissen: Drohnen schl\u00fcpfen aus unbefruchteten, Arbeiterinnen und K\u00f6niginnen aus befruchteten Eiern. Man kann deshalb aus einer Arbeiterinnenlarve eine K\u00f6nigin machen.<\/p>\n\n\n\n<h2 class=\"wp-block-heading\">Nicht dem Internet glauben<\/h2>\n\n\n\n<p>Das alles und mehr h\u00e4lt Klingel und Markwitz auf Trab: Imkerei ist kein Kinderspiel, sagt er, ganz gleich, was einem im Internet erz\u00e4hlt wird. Wer Hobby-Imker werden m\u00f6chte, sollte seiner Meinung nach einen Lehrgang bei einem Imkerverein machen, um auch Krankheiten oder die Varroamilbe erkennen zu k\u00f6nnen. Besser hilft man mit Ma\u00dfnahmen im Garten: Insektenhotels, Sandhaufen oder Abbruchkanten f\u00fcr Wildbienen, bienenfreundliche Pflanzen, Blumenwiesen nicht so oft m\u00e4hen. Und nicht nur an die Best\u00e4uber denken: \u201eAuch Wespen tun Gutes in der Natur.\u201c<\/p>\n","protected":false},"excerpt":{"rendered":"<p>Im Generalanzeiger ist ein Bericht mit unserer Imkerei erschienen. https:\/\/ga.de\/bonn\/hardtberg\/der-honig-kommt-vom-messdorfer-feld_aid-73405405 Endenicher Gr\u00fcndergeist : Der Honig kommt vom Me\u00dfdorfer FeldEndenich. Am Me\u00dfdorfer Feld haben sich Jonas Klingel und Paula Markwitz mit ihren Bienenv\u00f6lkern selbstst\u00e4ndig gemacht und stellen fachgerecht Honig her. Von Stefan KnoppEin gutes Honigjahr war 2021 nicht, sagt Jung-Imker Jonas Klingel. Es war zu nass, &hellip; <\/p>\n<p class=\"link-more\"><a href=\"https:\/\/imkerei-klingel.de\/index.php\/2022\/07\/25\/zeitungsbericht\/\" class=\"more-link\">Continue reading<span class=\"screen-reader-text\"> &#8220;Zeitungsbericht&#8221;<\/span><\/a><\/p>\n","protected":false},"author":2,"featured_media":0,"comment_status":"open","ping_status":"open","sticky":false,"template":"","format":"standard","meta":{"footnotes":""},"categories":[2,1],"tags":[13],"class_list":["post-259","post","type-post","status-publish","format-standard","hentry","category-allgemein","category-presse","tag-presse"],"_links":{"self":[{"href":"https:\/\/imkerei-klingel.de\/index.php\/wp-json\/wp\/v2\/posts\/259","targetHints":{"allow":["GET"]}}],"collection":[{"href":"https:\/\/imkerei-klingel.de\/index.php\/wp-json\/wp\/v2\/posts"}],"about":[{"href":"https:\/\/imkerei-klingel.de\/index.php\/wp-json\/wp\/v2\/types\/post"}],"author":[{"embeddable":true,"href":"https:\/\/imkerei-klingel.de\/index.php\/wp-json\/wp\/v2\/users\/2"}],"replies":[{"embeddable":true,"href":"https:\/\/imkerei-klingel.de\/index.php\/wp-json\/wp\/v2\/comments?post=259"}],"version-history":[{"count":1,"href":"https:\/\/imkerei-klingel.de\/index.php\/wp-json\/wp\/v2\/posts\/259\/revisions"}],"predecessor-version":[{"id":619,"href":"https:\/\/imkerei-klingel.de\/index.php\/wp-json\/wp\/v2\/posts\/259\/revisions\/619"}],"wp:attachment":[{"href":"https:\/\/imkerei-klingel.de\/index.php\/wp-json\/wp\/v2\/media?parent=259"}],"wp:term":[{"taxonomy":"category","embeddable":true,"href":"https:\/\/imkerei-klingel.de\/index.php\/wp-json\/wp\/v2\/categories?post=259"},{"taxonomy":"post_tag","embeddable":true,"href":"https:\/\/imkerei-klingel.de\/index.php\/wp-json\/wp\/v2\/tags?post=259"}],"curies":[{"name":"wp","href":"https:\/\/api.w.org\/{rel}","templated":true}]}}